{"id":25525,"date":"2023-02-02T15:38:40","date_gmt":"2023-02-02T14:38:40","guid":{"rendered":"https:\/\/www.ibiza-selected.com\/en\/?p=25525"},"modified":"2023-10-23T12:42:38","modified_gmt":"2023-10-23T10:42:38","slug":"paul-van-dyk-come-back-to-ibiza-in-2023","status":"publish","type":"post","link":"https:\/\/www.ibiza-selected.com\/de\/paul-van-dyk-kommt-2023-zuruck-nach-ibiza\/","title":{"rendered":"PAUL VAN DYK kommt 2023 zur\u00fcck nach Ibiza"},"content":{"rendered":"<p>PAUL VAN DYK K\u00dcNDIGT SHINE IBIZA 2023 AN UND KEHRT F\u00dcR 11 SENSATIONELLE WOCHEN MIT SPECIAL GUESTS NACH EDEN ZUR\u00dcCK!<\/p>\n<p>Datum der Veranstaltung:<\/p>\n<p>Phase 1 &#8211; Donnerstags, 6. Juli bis 10. August<\/p>\n<p>Phase 2 &#8211; Donnerstags, 31. August bis 28. September<\/p>\n<p>Machen Sie sich bereit, diesen Sommer wieder mit Paul van Dyk und seiner SHINE Ibiza Eventreihe im Club Eden in San Antoni zu gl\u00e4nzen! Die vierte Saison wird mit den Co-Residents Aly &amp; Fila, Ferry Corsten und einem illustren Kreis von Musikern und Freunden in die Umlaufbahn geschossen!<\/p>\n<p>Eine der schillerndsten Shows auf der Insel pr\u00e4sentiert eine Mischung aus DJs, die das gesamte elektronische Spektrum abdecken, von euphorisch bis progressiv, von tiefgr\u00fcndig bis gef\u00fchlvoll und dar\u00fcber hinaus. In zwei Phasen im Juli, August und September werden die Stars elf bezaubernde N\u00e4chte lang hell leuchten. SHINE vereint die frischesten Talente und renommiertesten K\u00fcnstler in einem sorgf\u00e4ltig kuratierten Line-up und wird ein Spektakel voller Energie sein. Nach den international gelobten Shows in Berlin, Amsterdam, Dubai, Kroatien und dem ausverkauften Printworks London ist die R\u00fcckkehr nach Ibiza eine der am hei\u00dfesten erwarteten der Saison.<\/p>\n<p>Neben Paul van Dyk und Aly &amp; Fila k\u00f6nnen sich die Inselbesucher auf die Kl\u00e4nge von Ferry Corsten, John O&#8217;Callaghan, Bryan Kearney, Alex M.O.R.P.H, Jordan Suckley, Stoneface &amp; Terminal und John 00 Fleming, aber auch Ciaran McAuley, FUENKA, Paul Thomas, Kolonie, Ben Gold, Weekend Heroes, Chris Bekker, Alessandra Roncone, Sean &amp; Dee, Amos Riot &amp; Matt Noland, Marc van Linden und Stephen Kirkwood.<\/p>\n<p>Ein besonderes Highlight der Saison sind Paul van Dyks super seltene ALL NIGHT LONG-Shows, die er in diesem Sommer nicht nur einmal, nicht zweimal, sondern gleich dreimal gibt. Diese Shows geben einen kleinen Einblick in das brandneue VENTURE X Tourkonzept, das derzeit noch exklusiv in Nordamerika stattfindet.<\/p>\n<p>Vom Vicious Magazine und Ibiza Spotlight als &#8222;Dancefloor-Koloss&#8220; und &#8222;Magie&#8220; beschrieben, f\u00fchlt es sich nur passend an, wenn die Party nach Eden zur\u00fcckkehrt, dass dies eine Vereinigung von Zusammengeh\u00f6rigkeit, kollektivem Jubel und ein triumphales Zeugnis der gemeinschaftlichen Freude sein wird, die Tanzmusik bringen kann. Das Eden, eine ibizenkische Institution, bietet den perfekten Rahmen f\u00fcr eine solche Party, wie geschaffen f\u00fcr den Himmel. Das Stammhaus in San Antonio sorgt daf\u00fcr, dass die SHINE-Synergie und das Fan-Erlebnis Hand in Hand gehen, damit die Nacht unvergesslich wird. Mit einem der besten Soundsysteme setzt es die Grenzen des Live-Erlebnisses wie kein anderes. Gepaart mit den sensationellen Talenten, die hier auftreten, wird SHINE 2023 seine bisher st\u00e4rkste und aufregendste R\u00fcckkehr erleben!<\/p>\n<p>PAUL VAN DYK K\u00dcNDIGT SHINE IBIZA 2023 AN UND KEHRT F\u00dcR 11 SENSATIONELLE WOCHEN MIT SPECIAL GUESTS NACH EDEN ZUR\u00dcCK!<\/p>\n<p>Datum der Veranstaltung:<\/p>\n<p>Phase 1 &#8211; Donnerstags, 6. Juli bis 10. August<\/p>\n<p>Phase 2 &#8211; Donnerstags, 31. August bis 28. September<\/p>\n<p>Machen Sie sich bereit, diesen Sommer wieder mit Paul van Dyk und seiner SHINE Ibiza Eventreihe im Club Eden in San Antoni zu gl\u00e4nzen! Die vierte Saison wird mit den Co-Residents Aly &amp; Fila, Ferry Corsten und einem illustren Kreis von Musikern und Freunden in die Umlaufbahn geschossen!<\/p>\n<p>Eine der schillerndsten Shows auf der Insel pr\u00e4sentiert eine Mischung aus DJs, die das gesamte elektronische Spektrum abdecken, von euphorisch bis progressiv, von tiefgr\u00fcndig bis gef\u00fchlvoll und dar\u00fcber hinaus. In zwei Phasen im Juli, August und September werden die Stars elf bezaubernde N\u00e4chte lang hell leuchten. SHINE vereint die frischesten Talente und renommiertesten K\u00fcnstler in einem sorgf\u00e4ltig kuratierten Line-up und wird ein Spektakel voller Energie sein. Nach den international gelobten Shows in Berlin, Amsterdam, Dubai, Kroatien und dem ausverkauften Printworks London ist die R\u00fcckkehr nach Ibiza eine der am hei\u00dfesten erwarteten der Saison.<\/p>\n<p>Neben Paul van Dyk und Aly &amp; Fila k\u00f6nnen sich die Inselbesucher auf die Kl\u00e4nge von Ferry Corsten, John O&#8217;Callaghan, Bryan Kearney, Alex M.O.R.P.H, Jordan Suckley, Stoneface &amp; Terminal und John 00 Fleming, aber auch Ciaran McAuley, FUENKA, Paul Thomas, Kolonie, Ben Gold, Weekend Heroes, Chris Bekker, Alessandra Roncone, Sean &amp; Dee, Amos Riot &amp; Matt Noland, Marc van Linden und Stephen Kirkwood.<\/p>\n<p>Ein besonderes Highlight der Saison sind Paul van Dyks super seltene ALL NIGHT LONG-Shows, die er in diesem Sommer nicht nur einmal, nicht zweimal, sondern gleich dreimal gibt. Diese Shows geben einen kleinen Einblick in das brandneue VENTURE X Tourkonzept, das derzeit noch exklusiv in Nordamerika stattfindet.<\/p>\n<p>Vom Vicious Magazine und Ibiza Spotlight als &#8222;Dancefloor-Koloss&#8220; und &#8222;Magie&#8220; beschrieben, f\u00fchlt es sich nur passend an, wenn die Party nach Eden zur\u00fcckkehrt, dass dies eine Vereinigung von Zusammengeh\u00f6rigkeit, kollektivem Jubel und ein triumphales Zeugnis der gemeinschaftlichen Freude sein wird, die Tanzmusik bringen kann. Das Eden, eine ibizenkische Institution, bietet den perfekten Rahmen f\u00fcr eine solche Party, wie geschaffen f\u00fcr den Himmel. Das Stammhaus in San Antonio sorgt daf\u00fcr, dass die SHINE-Synergie und das Fan-Erlebnis Hand in Hand gehen, damit die Nacht unvergesslich wird. Mit einem der besten Soundsysteme setzt es die Grenzen des Live-Erlebnisses wie kein anderes. Gepaart mit den sensationellen Talenten, die hier auftreten, wird SHINE 2023 seine bisher st\u00e4rkste und aufregendste R\u00fcckkehr erleben!<\/p>\n<p>&nbsp;<\/p>","protected":false},"excerpt":{"rendered":"<p>PAUL VAN DYK K\u00dcNDIGT SHINE IBIZA 2023 AN UND KEHRT F\u00dcR 11 SENSATIONELLE WOCHEN MIT SPECIAL GUESTS NACH EDEN ZUR\u00dcCK! &hellip;<\/p>\n","protected":false},"author":2,"featured_media":25526,"comment_status":"open","ping_status":"open","sticky":false,"template":"","format":"standard","meta":{"footnotes":""},"categories":[24],"tags":[300,1319,513,299,296,1323,398,1317,1316,1325,298,119],"class_list":["post-25525","post","type-post","status-publish","format-standard","has-post-thumbnail","hentry","category-ibiza-information","tag-300","tag-all-night-long-shows","tag-aly-fila","tag-club-eden","tag-come-back-to-ibiza","tag-dancefloor-colossus","tag-djs","tag-edm","tag-electronic-music","tag-elektronische-musik","tag-ferry-corsten","tag-ibiza-events"],"acf":[],"yoast_head":"<!-- This site is optimized with the Yoast SEO Premium plugin v27.5 (Yoast SEO v27.5) - https:\/\/yoast.com\/product\/yoast-seo-premium-wordpress\/ -->\n<title>Ibiza Selected &#8211; Luxury Villa Rentals<\/title>\n<meta name=\"description\" content=\"Entdecken Sie die R\u00fcckkehr von PAUL VAN DYK nach Ibiza 2023: exklusives Musikerlebnis, einzigartige Trance-Sets, unvergleichliche Energie.\" \/>\n<meta name=\"robots\" content=\"index, follow, max-snippet:-1, max-image-preview:large, max-video-preview:-1\" \/>\n<link rel=\"canonical\" href=\"https:\/\/www.ibiza-selected.com\/de\/wp-json\/wp\/v2\/posts\/25525\" \/>\n<meta property=\"og:locale\" content=\"de_DE\" \/>\n<meta property=\"og:type\" content=\"article\" \/>\n<meta property=\"og:description\" content=\"Entdecken Sie die R\u00fcckkehr von PAUL VAN DYK nach Ibiza 2023: exklusives Musikerlebnis, einzigartige Trance-Sets, unvergleichliche Energie.\" \/>\n<meta property=\"og:url\" content=\"https:\/\/www.ibiza-selected.com\/de\/wp-json\/wp\/v2\/posts\/25525\" \/>\n<meta property=\"og:site_name\" content=\"Ibiza Selected - Luxury Villa Rentals\" \/>\n<meta property=\"article:publisher\" content=\"https:\/\/www.facebook.com\/IbizaSelected\/\" \/>\n<meta property=\"article:published_time\" content=\"2023-02-02T14:38:40+00:00\" \/>\n<meta property=\"article:modified_time\" content=\"2023-10-23T10:42:38+00:00\" \/>\n<meta property=\"og:image\" content=\"https:\/\/www.ibiza-selected.com\/wp-content\/uploads\/2023\/02\/Shine-Ibiza-Final-Poster-Full-Roster-facebook-banner-new.jpg\" \/>\n\t<meta property=\"og:image:width\" content=\"1920\" \/>\n\t<meta property=\"og:image:height\" content=\"1080\" \/>\n\t<meta property=\"og:image:type\" content=\"image\/jpeg\" \/>\n<meta name=\"author\" content=\"Patrick\" \/>\n<meta name=\"twitter:card\" content=\"summary_large_image\" \/>\n<meta name=\"twitter:title\" content=\"PAUL VAN DYK kommt 2023 zur\u00fcck nach Ibiza\" \/>\n<script type=\"application\/ld+json\" class=\"yoast-schema-graph\">{\"@context\":\"https:\\\/\\\/schema.org\",\"@graph\":[{\"@type\":\"Article\",\"@id\":\"https:\\\/\\\/www.ibiza-selected.com\\\/de\\\/wp-json\\\/wp\\\/v2\\\/posts\\\/25525#article\",\"isPartOf\":{\"@id\":\"https:\\\/\\\/www.ibiza-selected.com\\\/en\\\/?p=25525\"},\"author\":{\"name\":\"Patrick\",\"@id\":\"https:\\\/\\\/www.ibiza-selected.com\\\/de\\\/#\\\/schema\\\/person\\\/b9aa12cccab19fe1fdc6e740f04e5229\"},\"headline\":\"PAUL VAN DYK kommt 2023 zur\u00fcck nach Ibiza\",\"datePublished\":\"2023-02-02T14:38:40+00:00\",\"dateModified\":\"2023-10-23T10:42:38+00:00\",\"mainEntityOfPage\":{\"@id\":\"https:\\\/\\\/www.ibiza-selected.com\\\/en\\\/?p=25525\"},\"wordCount\":1311,\"commentCount\":0,\"publisher\":{\"@id\":\"https:\\\/\\\/www.ibiza-selected.com\\\/de\\\/#organization\"},\"image\":{\"@id\":\"https:\\\/\\\/www.ibiza-selected.com\\\/de\\\/wp-json\\\/wp\\\/v2\\\/posts\\\/25525#primaryimage\"},\"thumbnailUrl\":\"https:\\\/\\\/www.ibiza-selected.com\\\/wp-content\\\/uploads\\\/2023\\\/02\\\/Shine-Ibiza-Final-Poster-Full-Roster-facebook-banner-new.jpg\",\"keywords\":[\"2023\",\"ALL NIGHT LONG shows\",\"Aly &amp; Fila\",\"Club Eden\",\"come back to Ibiza\",\"Dancefloor Colossus\",\"Djs\",\"EDM\",\"Electronic Music\",\"Elektronische Musik\",\"Ferry Corsten\",\"Ibiza Events\"],\"articleSection\":[\"Ibiza Information\"],\"inLanguage\":\"de\",\"potentialAction\":[{\"@type\":\"CommentAction\",\"name\":\"Comment\",\"target\":[\"https:\\\/\\\/www.ibiza-selected.com\\\/de\\\/wp-json\\\/wp\\\/v2\\\/posts\\\/25525#respond\"]}]},{\"@type\":\"WebPage\",\"@id\":\"https:\\\/\\\/www.ibiza-selected.com\\\/en\\\/?p=25525\",\"url\":\"https:\\\/\\\/www.ibiza-selected.com\\\/de\\\/wp-json\\\/wp\\\/v2\\\/posts\\\/25525\",\"name\":\"\",\"isPartOf\":{\"@id\":\"https:\\\/\\\/www.ibiza-selected.com\\\/de\\\/#website\"},\"primaryImageOfPage\":{\"@id\":\"https:\\\/\\\/www.ibiza-selected.com\\\/de\\\/wp-json\\\/wp\\\/v2\\\/posts\\\/25525#primaryimage\"},\"image\":{\"@id\":\"https:\\\/\\\/www.ibiza-selected.com\\\/de\\\/wp-json\\\/wp\\\/v2\\\/posts\\\/25525#primaryimage\"},\"thumbnailUrl\":\"https:\\\/\\\/www.ibiza-selected.com\\\/wp-content\\\/uploads\\\/2023\\\/02\\\/Shine-Ibiza-Final-Poster-Full-Roster-facebook-banner-new.jpg\",\"datePublished\":\"2023-02-02T14:38:40+00:00\",\"dateModified\":\"2023-10-23T10:42:38+00:00\",\"description\":\"Entdecken Sie die R\u00fcckkehr von PAUL VAN DYK nach Ibiza 2023: exklusives Musikerlebnis, einzigartige Trance-Sets, unvergleichliche Energie.\",\"breadcrumb\":{\"@id\":\"https:\\\/\\\/www.ibiza-selected.com\\\/de\\\/wp-json\\\/wp\\\/v2\\\/posts\\\/25525#breadcrumb\"},\"inLanguage\":\"de\",\"potentialAction\":[{\"@type\":\"ReadAction\",\"target\":[\"https:\\\/\\\/www.ibiza-selected.com\\\/de\\\/wp-json\\\/wp\\\/v2\\\/posts\\\/25525\"]}]},{\"@type\":\"ImageObject\",\"inLanguage\":\"de\",\"@id\":\"https:\\\/\\\/www.ibiza-selected.com\\\/de\\\/wp-json\\\/wp\\\/v2\\\/posts\\\/25525#primaryimage\",\"url\":\"https:\\\/\\\/www.ibiza-selected.com\\\/wp-content\\\/uploads\\\/2023\\\/02\\\/Shine-Ibiza-Final-Poster-Full-Roster-facebook-banner-new.jpg\",\"contentUrl\":\"https:\\\/\\\/www.ibiza-selected.com\\\/wp-content\\\/uploads\\\/2023\\\/02\\\/Shine-Ibiza-Final-Poster-Full-Roster-facebook-banner-new.jpg\",\"width\":1920,\"height\":1080},{\"@type\":\"BreadcrumbList\",\"@id\":\"https:\\\/\\\/www.ibiza-selected.com\\\/de\\\/wp-json\\\/wp\\\/v2\\\/posts\\\/25525#breadcrumb\",\"itemListElement\":[{\"@type\":\"ListItem\",\"position\":1,\"name\":\"Home\",\"item\":\"https:\\\/\\\/www.ibiza-selected.com\\\/en\\\/\"},{\"@type\":\"ListItem\",\"position\":2,\"name\":\"PAUL VAN DYK comes back to Ibiza in 2023\"}]},{\"@type\":\"WebSite\",\"@id\":\"https:\\\/\\\/www.ibiza-selected.com\\\/de\\\/#website\",\"url\":\"https:\\\/\\\/www.ibiza-selected.com\\\/de\\\/\",\"name\":\"Ibiza Selected\",\"description\":\"Individuell &amp; Stilvoll relaxen - Willkommen bei Ibiza Selected\",\"publisher\":{\"@id\":\"https:\\\/\\\/www.ibiza-selected.com\\\/de\\\/#organization\"},\"potentialAction\":[{\"@type\":\"SearchAction\",\"target\":{\"@type\":\"EntryPoint\",\"urlTemplate\":\"https:\\\/\\\/www.ibiza-selected.com\\\/de\\\/?s={search_term_string}\"},\"query-input\":{\"@type\":\"PropertyValueSpecification\",\"valueRequired\":true,\"valueName\":\"search_term_string\"}}],\"inLanguage\":\"de\"},{\"@type\":\"Organization\",\"@id\":\"https:\\\/\\\/www.ibiza-selected.com\\\/de\\\/#organization\",\"name\":\"Ibiza Selected\",\"url\":\"https:\\\/\\\/www.ibiza-selected.com\\\/de\\\/\",\"logo\":{\"@type\":\"ImageObject\",\"inLanguage\":\"de\",\"@id\":\"https:\\\/\\\/www.ibiza-selected.com\\\/de\\\/#\\\/schema\\\/logo\\\/image\\\/\",\"url\":\"https:\\\/\\\/www.ibiza-selected.com\\\/wp-content\\\/uploads\\\/2017\\\/10\\\/logo-dunkel.png\",\"contentUrl\":\"https:\\\/\\\/www.ibiza-selected.com\\\/wp-content\\\/uploads\\\/2017\\\/10\\\/logo-dunkel.png\",\"width\":300,\"height\":60,\"caption\":\"Ibiza Selected\"},\"image\":{\"@id\":\"https:\\\/\\\/www.ibiza-selected.com\\\/de\\\/#\\\/schema\\\/logo\\\/image\\\/\"},\"sameAs\":[\"https:\\\/\\\/www.facebook.com\\\/IbizaSelected\\\/\",\"https:\\\/\\\/www.youtube.com\\\/playlist?list=PLrClDhGy2GfffP6ajdISQM6U-_y330OtO\",\"https:\\\/\\\/www.instagram.com\\\/ibiza_selected\\\/\"]},{\"@type\":\"Person\",\"@id\":\"https:\\\/\\\/www.ibiza-selected.com\\\/de\\\/#\\\/schema\\\/person\\\/b9aa12cccab19fe1fdc6e740f04e5229\",\"name\":\"Patrick\",\"image\":{\"@type\":\"ImageObject\",\"inLanguage\":\"de\",\"@id\":\"https:\\\/\\\/secure.gravatar.com\\\/avatar\\\/129c07bc5eeb4831fb788cb98d4209f66200ddab14a6fbf6649da16f438dccf1?s=96&d=mm&r=g\",\"url\":\"https:\\\/\\\/secure.gravatar.com\\\/avatar\\\/129c07bc5eeb4831fb788cb98d4209f66200ddab14a6fbf6649da16f438dccf1?s=96&d=mm&r=g\",\"contentUrl\":\"https:\\\/\\\/secure.gravatar.com\\\/avatar\\\/129c07bc5eeb4831fb788cb98d4209f66200ddab14a6fbf6649da16f438dccf1?s=96&d=mm&r=g\",\"caption\":\"Patrick\"}}]}<\/script>\n<!-- \/ Yoast SEO Premium plugin. -->","yoast_head_json":{"title":"Ibiza Selected &#8211; Luxury Villa Rentals","description":"Entdecken Sie die R\u00fcckkehr von PAUL VAN DYK nach Ibiza 2023: exklusives Musikerlebnis, einzigartige Trance-Sets, unvergleichliche Energie.","robots":{"index":"index","follow":"follow","max-snippet":"max-snippet:-1","max-image-preview":"max-image-preview:large","max-video-preview":"max-video-preview:-1"},"canonical":"https:\/\/www.ibiza-selected.com\/de\/wp-json\/wp\/v2\/posts\/25525","og_locale":"de_DE","og_type":"article","og_description":"Entdecken Sie die R\u00fcckkehr von PAUL VAN DYK nach Ibiza 2023: exklusives Musikerlebnis, einzigartige Trance-Sets, unvergleichliche Energie.","og_url":"https:\/\/www.ibiza-selected.com\/de\/wp-json\/wp\/v2\/posts\/25525","og_site_name":"Ibiza Selected - Luxury Villa Rentals","article_publisher":"https:\/\/www.facebook.com\/IbizaSelected\/","article_published_time":"2023-02-02T14:38:40+00:00","article_modified_time":"2023-10-23T10:42:38+00:00","og_image":[{"width":1920,"height":1080,"url":"https:\/\/www.ibiza-selected.com\/wp-content\/uploads\/2023\/02\/Shine-Ibiza-Final-Poster-Full-Roster-facebook-banner-new.jpg","type":"image\/jpeg"}],"author":"Patrick","twitter_card":"summary_large_image","twitter_title":"PAUL VAN DYK kommt 2023 zur\u00fcck nach Ibiza","schema":{"@context":"https:\/\/schema.org","@graph":[{"@type":"Article","@id":"https:\/\/www.ibiza-selected.com\/de\/wp-json\/wp\/v2\/posts\/25525#article","isPartOf":{"@id":"https:\/\/www.ibiza-selected.com\/en\/?p=25525"},"author":{"name":"Patrick","@id":"https:\/\/www.ibiza-selected.com\/de\/#\/schema\/person\/b9aa12cccab19fe1fdc6e740f04e5229"},"headline":"PAUL VAN DYK kommt 2023 zur\u00fcck nach Ibiza","datePublished":"2023-02-02T14:38:40+00:00","dateModified":"2023-10-23T10:42:38+00:00","mainEntityOfPage":{"@id":"https:\/\/www.ibiza-selected.com\/en\/?p=25525"},"wordCount":1311,"commentCount":0,"publisher":{"@id":"https:\/\/www.ibiza-selected.com\/de\/#organization"},"image":{"@id":"https:\/\/www.ibiza-selected.com\/de\/wp-json\/wp\/v2\/posts\/25525#primaryimage"},"thumbnailUrl":"https:\/\/www.ibiza-selected.com\/wp-content\/uploads\/2023\/02\/Shine-Ibiza-Final-Poster-Full-Roster-facebook-banner-new.jpg","keywords":["2023","ALL NIGHT LONG shows","Aly &amp; Fila","Club Eden","come back to Ibiza","Dancefloor Colossus","Djs","EDM","Electronic Music","Elektronische Musik","Ferry Corsten","Ibiza Events"],"articleSection":["Ibiza Information"],"inLanguage":"de","potentialAction":[{"@type":"CommentAction","name":"Comment","target":["https:\/\/www.ibiza-selected.com\/de\/wp-json\/wp\/v2\/posts\/25525#respond"]}]},{"@type":"WebPage","@id":"https:\/\/www.ibiza-selected.com\/en\/?p=25525","url":"https:\/\/www.ibiza-selected.com\/de\/wp-json\/wp\/v2\/posts\/25525","name":"","isPartOf":{"@id":"https:\/\/www.ibiza-selected.com\/de\/#website"},"primaryImageOfPage":{"@id":"https:\/\/www.ibiza-selected.com\/de\/wp-json\/wp\/v2\/posts\/25525#primaryimage"},"image":{"@id":"https:\/\/www.ibiza-selected.com\/de\/wp-json\/wp\/v2\/posts\/25525#primaryimage"},"thumbnailUrl":"https:\/\/www.ibiza-selected.com\/wp-content\/uploads\/2023\/02\/Shine-Ibiza-Final-Poster-Full-Roster-facebook-banner-new.jpg","datePublished":"2023-02-02T14:38:40+00:00","dateModified":"2023-10-23T10:42:38+00:00","description":"Entdecken Sie die R\u00fcckkehr von PAUL VAN DYK nach Ibiza 2023: exklusives Musikerlebnis, einzigartige Trance-Sets, unvergleichliche Energie.","breadcrumb":{"@id":"https:\/\/www.ibiza-selected.com\/de\/wp-json\/wp\/v2\/posts\/25525#breadcrumb"},"inLanguage":"de","potentialAction":[{"@type":"ReadAction","target":["https:\/\/www.ibiza-selected.com\/de\/wp-json\/wp\/v2\/posts\/25525"]}]},{"@type":"ImageObject","inLanguage":"de","@id":"https:\/\/www.ibiza-selected.com\/de\/wp-json\/wp\/v2\/posts\/25525#primaryimage","url":"https:\/\/www.ibiza-selected.com\/wp-content\/uploads\/2023\/02\/Shine-Ibiza-Final-Poster-Full-Roster-facebook-banner-new.jpg","contentUrl":"https:\/\/www.ibiza-selected.com\/wp-content\/uploads\/2023\/02\/Shine-Ibiza-Final-Poster-Full-Roster-facebook-banner-new.jpg","width":1920,"height":1080},{"@type":"BreadcrumbList","@id":"https:\/\/www.ibiza-selected.com\/de\/wp-json\/wp\/v2\/posts\/25525#breadcrumb","itemListElement":[{"@type":"ListItem","position":1,"name":"Home","item":"https:\/\/www.ibiza-selected.com\/en\/"},{"@type":"ListItem","position":2,"name":"PAUL VAN DYK comes back to Ibiza in 2023"}]},{"@type":"WebSite","@id":"https:\/\/www.ibiza-selected.com\/de\/#website","url":"https:\/\/www.ibiza-selected.com\/de\/","name":"Ibiza Selected","description":"Individuell &amp; Stilvoll relaxen - Willkommen bei Ibiza Selected","publisher":{"@id":"https:\/\/www.ibiza-selected.com\/de\/#organization"},"potentialAction":[{"@type":"SearchAction","target":{"@type":"EntryPoint","urlTemplate":"https:\/\/www.ibiza-selected.com\/de\/?s={search_term_string}"},"query-input":{"@type":"PropertyValueSpecification","valueRequired":true,"valueName":"search_term_string"}}],"inLanguage":"de"},{"@type":"Organization","@id":"https:\/\/www.ibiza-selected.com\/de\/#organization","name":"Ibiza Selected","url":"https:\/\/www.ibiza-selected.com\/de\/","logo":{"@type":"ImageObject","inLanguage":"de","@id":"https:\/\/www.ibiza-selected.com\/de\/#\/schema\/logo\/image\/","url":"https:\/\/www.ibiza-selected.com\/wp-content\/uploads\/2017\/10\/logo-dunkel.png","contentUrl":"https:\/\/www.ibiza-selected.com\/wp-content\/uploads\/2017\/10\/logo-dunkel.png","width":300,"height":60,"caption":"Ibiza Selected"},"image":{"@id":"https:\/\/www.ibiza-selected.com\/de\/#\/schema\/logo\/image\/"},"sameAs":["https:\/\/www.facebook.com\/IbizaSelected\/","https:\/\/www.youtube.com\/playlist?list=PLrClDhGy2GfffP6ajdISQM6U-_y330OtO","https:\/\/www.instagram.com\/ibiza_selected\/"]},{"@type":"Person","@id":"https:\/\/www.ibiza-selected.com\/de\/#\/schema\/person\/b9aa12cccab19fe1fdc6e740f04e5229","name":"Patrick","image":{"@type":"ImageObject","inLanguage":"de","@id":"https:\/\/secure.gravatar.com\/avatar\/129c07bc5eeb4831fb788cb98d4209f66200ddab14a6fbf6649da16f438dccf1?s=96&d=mm&r=g","url":"https:\/\/secure.gravatar.com\/avatar\/129c07bc5eeb4831fb788cb98d4209f66200ddab14a6fbf6649da16f438dccf1?s=96&d=mm&r=g","contentUrl":"https:\/\/secure.gravatar.com\/avatar\/129c07bc5eeb4831fb788cb98d4209f66200ddab14a6fbf6649da16f438dccf1?s=96&d=mm&r=g","caption":"Patrick"}}]}},"_links":{"self":[{"href":"https:\/\/www.ibiza-selected.com\/de\/wp-json\/wp\/v2\/posts\/25525","targetHints":{"allow":["GET"]}}],"collection":[{"href":"https:\/\/www.ibiza-selected.com\/de\/wp-json\/wp\/v2\/posts"}],"about":[{"href":"https:\/\/www.ibiza-selected.com\/de\/wp-json\/wp\/v2\/types\/post"}],"author":[{"embeddable":true,"href":"https:\/\/www.ibiza-selected.com\/de\/wp-json\/wp\/v2\/users\/2"}],"replies":[{"embeddable":true,"href":"https:\/\/www.ibiza-selected.com\/de\/wp-json\/wp\/v2\/comments?post=25525"}],"version-history":[{"count":5,"href":"https:\/\/www.ibiza-selected.com\/de\/wp-json\/wp\/v2\/posts\/25525\/revisions"}],"predecessor-version":[{"id":31254,"href":"https:\/\/www.ibiza-selected.com\/de\/wp-json\/wp\/v2\/posts\/25525\/revisions\/31254"}],"wp:featuredmedia":[{"embeddable":true,"href":"https:\/\/www.ibiza-selected.com\/de\/wp-json\/wp\/v2\/media\/25526"}],"wp:attachment":[{"href":"https:\/\/www.ibiza-selected.com\/de\/wp-json\/wp\/v2\/media?parent=25525"}],"wp:term":[{"taxonomy":"category","embeddable":true,"href":"https:\/\/www.ibiza-selected.com\/de\/wp-json\/wp\/v2\/categories?post=25525"},{"taxonomy":"post_tag","embeddable":true,"href":"https:\/\/www.ibiza-selected.com\/de\/wp-json\/wp\/v2\/tags?post=25525"}],"curies":[{"name":"wp","href":"https:\/\/api.w.org\/{rel}","templated":true}]}}