{"id":29230,"date":"2023-06-27T15:44:33","date_gmt":"2023-06-27T13:44:33","guid":{"rendered":"https:\/\/www.ibiza-selected.com\/de\/?p=29230"},"modified":"2023-10-23T12:14:02","modified_gmt":"2023-10-23T10:14:02","slug":"long-term-rentals-in-ibiza","status":"publish","type":"post","link":"https:\/\/www.ibiza-selected.com\/de\/langzeitvermietung-in-ibiza\/","title":{"rendered":"Langzeitvermietung in Ibiza"},"content":{"rendered":"<p>Langzeitvermietung in Immobilien bezieht sich auf die Vermietung von Immobilien, die sich \u00fcber einen l\u00e4ngeren Zeitraum erstreckt. Wenn eine Immobilie l\u00e4nger als 31 Tage vermietet ist, dann z\u00e4hlt es als Langzeitvermietung. Wenn die Immobilie unter 31 Tagen vermietet wird, wird eine Lizenz ben\u00f6tigt. Bei der Langzeitvermietung ben\u00f6tigt die Immobilie keine Lizenz. In der Langzeitvermietung wird sichergestellt, dass eine Immobilie f\u00fcr \u00fcber 31 Tage besetzt und vermietet ist.<\/p>\n<p>Bei der Langzeitvermietung darf man die Immobilie im Internet bewerben und online stellen, damit sie f\u00fcr Menschen sichtbar bleibt. Allerdings darf bei der Langzeitvermietung kein Service angeboten werden. Das bedeutet, es darf zum Beispiel kein Koch zur Verf\u00fcgung gestellt werden. Insgesamt d\u00fcrfen keine Dienstleistungen angeboten werden. Alle Eink\u00fcnfte aus solchen Vermietungen, egal ob f\u00fcr die Familie oder als Langzeitmiete, m\u00fcssen als Mieteinnahme in der spanischen Steuererkl\u00e4rung angegeben werden.<\/p>\n<p>Langzeitvermietung ist sehr \u00fcblich in verschiedenen Arten von Immobilien wie H\u00e4usern, Wohnungen, Ferienwohnungen oder Gewerbeimmobilien. Die Regeln und Gesetze zur Langzeitvermietung sind unterschiedlich und abh\u00e4ngig von den lokalen Immobilienm\u00e4rkten und den regionalen Gesetzen.<\/p>\n<p>Vorteile der Langzeitvermietung sind, dass Vermieter eine stabile Einnahmequelle haben und die Immobilie langfristig belegt ist. Die Mieter haben dadurch langfristige Sicherheit in der Immobilie.<\/p>\n<p>Die rechtlichen Bestimmungen und Regelungen zur Langzeitvermietung sind in jedem Land und jeder Region unterschiedlich. Es ist empfehlenswert, sich einen Anwalt oder einen Immobilienmakler zurate zu ziehen, um genaue Informationen und Beratung zur Langzeitvermietung einer Immobilie zu erhalten.<\/p>\n<p>Der spanische Mietvertrag, LAU (Ley de Arrendamientos Urbanos), regelt die Langzeitmiete in Spanien. Das LAU besagt, dass der Wohnraum-Mietvertrag zeitlich befristet ist, n\u00e4mlich auf ein Jahr. Der Mieter hat jedoch auch das Recht, die Langzeitmiete um bis zu 5 Jahre zu verl\u00e4ngern. In 2019 lag die Frist noch bei 3 Jahren, und bei einem gewerblichen Vermieter betr\u00e4gt sie sogar 7 Jahre. Nach Ablauf der Verl\u00e4ngerungsfrist kann der Vermieter best\u00e4tigen, dass der Mietvertrag beendet ist und der Mieter ausziehen muss. Der Mieter kann auch einen neuen Mietvertrag mit dem alten Vermieter abschlie\u00dfen.<\/p>\n<p>Anbei unsere Villas f\u00fcr Langzeitvermietung:<\/p>\n<p><img loading=\"lazy\" decoding=\"async\" class=\"alignnone size-medium wp-image-30663\" src=\"https:\/\/www.ibiza-selected.com\/wp-content\/uploads\/2023\/06\/01-VillaSanLorenzo-300x117.jpg\" alt=\"\" width=\"300\" height=\"117\" srcset=\"https:\/\/www.ibiza-selected.com\/wp-content\/uploads\/2023\/06\/01-VillaSanLorenzo-300x117.jpg 300w, https:\/\/www.ibiza-selected.com\/wp-content\/uploads\/2023\/06\/01-VillaSanLorenzo-220x86.jpg 220w\" sizes=\"auto, (max-width: 300px) 100vw, 300px\" \/> <img loading=\"lazy\" decoding=\"async\" class=\"alignnone size-medium wp-image-30664\" src=\"https:\/\/www.ibiza-selected.com\/wp-content\/uploads\/2023\/06\/04-VillaSanLorenzo-300x117.jpg\" alt=\"\" width=\"300\" height=\"117\" srcset=\"https:\/\/www.ibiza-selected.com\/wp-content\/uploads\/2023\/06\/04-VillaSanLorenzo-300x117.jpg 300w, https:\/\/www.ibiza-selected.com\/wp-content\/uploads\/2023\/06\/04-VillaSanLorenzo-220x86.jpg 220w\" sizes=\"auto, (max-width: 300px) 100vw, 300px\" \/><\/p>\n<p><a href=\"https:\/\/www.ibiza-selected.com\/en\/rentals\/6-bedroom-villa-near-sant-joan-to-rent-949\/\">Villa Blakstad f\u00fcr 12 Leute\u00a0 21.120 &#8211; 42.120 \u20ac pro Monat<\/a><\/p>\n<p><a href=\"https:\/\/www.ibiza-selected.com\/casita-vista-conta\"><img loading=\"lazy\" decoding=\"async\" class=\"alignnone size-medium wp-image-10815\" src=\"https:\/\/www.ibiza-selected.com\/wp-content\/uploads\/2019\/10\/CasitaVistaConta02-300x117.jpg\" alt=\"\" width=\"300\" height=\"117\" srcset=\"https:\/\/www.ibiza-selected.com\/wp-content\/uploads\/2019\/10\/CasitaVistaConta02-300x117.jpg 300w, https:\/\/www.ibiza-selected.com\/wp-content\/uploads\/2019\/10\/CasitaVistaConta02-220x86.jpg 220w\" sizes=\"auto, (max-width: 300px) 100vw, 300px\" \/><\/a> <a href=\"https:\/\/www.ibiza-selected.com\/casita-vista-conta\"><img loading=\"lazy\" decoding=\"async\" class=\"alignnone size-medium wp-image-10945\" src=\"https:\/\/www.ibiza-selected.com\/wp-content\/uploads\/2019\/10\/CasitaVistaConta07-300x117.jpg\" alt=\"\" width=\"300\" height=\"117\" srcset=\"https:\/\/www.ibiza-selected.com\/wp-content\/uploads\/2019\/10\/CasitaVistaConta07-300x117.jpg 300w, https:\/\/www.ibiza-selected.com\/wp-content\/uploads\/2019\/10\/CasitaVistaConta07-220x86.jpg 220w\" sizes=\"auto, (max-width: 300px) 100vw, 300px\" \/><\/a><\/p>\n<p><a href=\"https:\/\/www.ibiza-selected.com\/casita-vista-conta\">Casita Vista Conta f\u00fcr 2 Personen\u00a0 <\/a><a href=\"https:\/\/www.ibiza-selected.com\/casita-vista-conta\">3.840 &#8211; 7.000 \u20ac pro Monat\u00a0<\/a><\/p>\n<p>&nbsp;<\/p>\n<p><img loading=\"lazy\" decoding=\"async\" class=\"alignnone size-medium wp-image-30655\" src=\"https:\/\/www.ibiza-selected.com\/wp-content\/uploads\/2023\/06\/Foto-26.04-2-300x117.jpg\" alt=\"\" width=\"300\" height=\"117\" srcset=\"https:\/\/www.ibiza-selected.com\/wp-content\/uploads\/2023\/06\/Foto-26.04-2-300x117.jpg 300w, https:\/\/www.ibiza-selected.com\/wp-content\/uploads\/2023\/06\/Foto-26.04-2-220x86.jpg 220w\" sizes=\"auto, (max-width: 300px) 100vw, 300px\" \/><img loading=\"lazy\" decoding=\"async\" class=\"alignnone size-medium wp-image-30654\" src=\"https:\/\/www.ibiza-selected.com\/wp-content\/uploads\/2023\/06\/Foto-26.04-300x117.jpg\" alt=\"\" width=\"300\" height=\"117\" srcset=\"https:\/\/www.ibiza-selected.com\/wp-content\/uploads\/2023\/06\/Foto-26.04-300x117.jpg 300w, https:\/\/www.ibiza-selected.com\/wp-content\/uploads\/2023\/06\/Foto-26.04-220x86.jpg 220w\" sizes=\"auto, (max-width: 300px) 100vw, 300px\" \/><\/p>\n<p><a href=\"https:\/\/www.ibiza-selected.com\/casa-francesca\">Villa Francesca f\u00fcr 10 Leute &#8211; 240.000 \u20ac pro Jahr<\/a><\/p>\n<p>&nbsp;<\/p>\n<p><a href=\"https:\/\/www.ibiza-selected.com\/villa-oliver-long-term\"><img loading=\"lazy\" decoding=\"async\" class=\"alignnone size-medium wp-image-21271\" src=\"https:\/\/www.ibiza-selected.com\/wp-content\/uploads\/2022\/05\/2022-06-04-13.55-300x117.jpg\" alt=\"\" width=\"300\" height=\"117\" srcset=\"https:\/\/www.ibiza-selected.com\/wp-content\/uploads\/2022\/05\/2022-06-04-13.55-300x117.jpg 300w, https:\/\/www.ibiza-selected.com\/wp-content\/uploads\/2022\/05\/2022-06-04-13.55-220x86.jpg 220w\" sizes=\"auto, (max-width: 300px) 100vw, 300px\" \/><\/a> <a href=\"https:\/\/www.ibiza-selected.com\/villa-oliver-long-term\"><img loading=\"lazy\" decoding=\"async\" class=\"alignnone size-medium wp-image-21267\" src=\"https:\/\/www.ibiza-selected.com\/wp-content\/uploads\/2022\/05\/2022-06-04-13.30-300x115.jpg\" alt=\"\" width=\"300\" height=\"115\" srcset=\"https:\/\/www.ibiza-selected.com\/wp-content\/uploads\/2022\/05\/2022-06-04-13.30-300x115.jpg 300w, https:\/\/www.ibiza-selected.com\/wp-content\/uploads\/2022\/05\/2022-06-04-13.30-220x84.jpg 220w\" sizes=\"auto, (max-width: 300px) 100vw, 300px\" \/><\/a><\/p>\n<p><a href=\"https:\/\/www.ibiza-selected.com\/villa-oliver-long-term\">Villa Oliver f\u00fcr 6 Personen &#8211; 140.000 \u20ac pro Jahr<\/a><\/p>\n<p>&nbsp;<\/p>\n<p><a href=\"https:\/\/www.ibiza-selected.com\/villa-talamanca-view-longterm\"><img loading=\"lazy\" decoding=\"async\" class=\"alignnone size-medium wp-image-26688\" src=\"https:\/\/www.ibiza-selected.com\/wp-content\/uploads\/2023\/04\/VillaTalamancaview04-300x117.jpg\" alt=\"\" width=\"300\" height=\"117\" srcset=\"https:\/\/www.ibiza-selected.com\/wp-content\/uploads\/2023\/04\/VillaTalamancaview04-300x117.jpg 300w, https:\/\/www.ibiza-selected.com\/wp-content\/uploads\/2023\/04\/VillaTalamancaview04-220x86.jpg 220w\" sizes=\"auto, (max-width: 300px) 100vw, 300px\" \/><\/a> <a href=\"https:\/\/www.ibiza-selected.com\/villa-talamanca-view-longterm\"><img loading=\"lazy\" decoding=\"async\" class=\"alignnone size-medium wp-image-26689\" src=\"https:\/\/www.ibiza-selected.com\/wp-content\/uploads\/2023\/04\/VillaTalamancaview12-300x117.jpg\" alt=\"\" width=\"300\" height=\"117\" srcset=\"https:\/\/www.ibiza-selected.com\/wp-content\/uploads\/2023\/04\/VillaTalamancaview12-300x117.jpg 300w, https:\/\/www.ibiza-selected.com\/wp-content\/uploads\/2023\/04\/VillaTalamancaview12-220x86.jpg 220w\" sizes=\"auto, (max-width: 300px) 100vw, 300px\" \/><\/a><\/p>\n<p><a href=\"https:\/\/www.ibiza-selected.com\/villa-talamanca-view-longterm\">Villa Talamancaview f\u00fcr 6 Personen\u00a0 \u00a0<\/a><a href=\"https:\/\/www.ibiza-selected.com\/villa-talamanca-view-longterm\">15.200 &#8211; 24.000 \u20ac pro Monat\u00a0<\/a><\/p>\n<p>&nbsp;<\/p>\n<p><a href=\"https:\/\/www.ibiza-selected.com\/villa-can-furnet-2\"><img loading=\"lazy\" decoding=\"async\" class=\"alignnone size-medium wp-image-987\" src=\"https:\/\/www.ibiza-selected.com\/wp-content\/uploads\/2017\/10\/VillaCanFurnet01-300x117.jpg\" alt=\"\" width=\"300\" height=\"117\" srcset=\"https:\/\/www.ibiza-selected.com\/wp-content\/uploads\/2017\/10\/VillaCanFurnet01-300x117.jpg 300w, https:\/\/www.ibiza-selected.com\/wp-content\/uploads\/2017\/10\/VillaCanFurnet01-220x86.jpg 220w\" sizes=\"auto, (max-width: 300px) 100vw, 300px\" \/><\/a> <a href=\"https:\/\/www.ibiza-selected.com\/villa-can-furnet-2\"><img loading=\"lazy\" decoding=\"async\" class=\"alignnone size-medium wp-image-990\" src=\"https:\/\/www.ibiza-selected.com\/wp-content\/uploads\/2017\/10\/VillaCanFurnet04-300x117.jpg\" alt=\"\" width=\"300\" height=\"117\" srcset=\"https:\/\/www.ibiza-selected.com\/wp-content\/uploads\/2017\/10\/VillaCanFurnet04-300x117.jpg 300w, https:\/\/www.ibiza-selected.com\/wp-content\/uploads\/2017\/10\/VillaCanFurnet04-220x86.jpg 220w\" sizes=\"auto, (max-width: 300px) 100vw, 300px\" \/><\/a><\/p>\n<p><a href=\"https:\/\/www.ibiza-selected.com\/villa-can-furnet-2\">Villa Can Furnet f\u00fcr 8 Personen\u00a0 <\/a><a href=\"https:\/\/www.ibiza-selected.com\/villa-can-furnet-2\">16.000 &#8211; 35.000 \u20ac pro Monat<\/a><\/p>\n<p><a href=\"https:\/\/www.ibiza-selected.com\/villa-cooper\"><img loading=\"lazy\" decoding=\"async\" class=\"alignnone size-medium wp-image-30660\" src=\"https:\/\/www.ibiza-selected.com\/wp-content\/uploads\/2023\/06\/4-300x117.jpg\" alt=\"\" width=\"300\" height=\"117\" srcset=\"https:\/\/www.ibiza-selected.com\/wp-content\/uploads\/2023\/06\/4-300x117.jpg 300w, https:\/\/www.ibiza-selected.com\/wp-content\/uploads\/2023\/06\/4-220x86.jpg 220w\" sizes=\"auto, (max-width: 300px) 100vw, 300px\" \/><\/a> <a href=\"https:\/\/www.ibiza-selected.com\/villa-cooper\"><img loading=\"lazy\" decoding=\"async\" class=\"alignnone size-medium wp-image-30659\" src=\"https:\/\/www.ibiza-selected.com\/wp-content\/uploads\/2023\/06\/1-300x117.jpg\" alt=\"\" width=\"300\" height=\"117\" srcset=\"https:\/\/www.ibiza-selected.com\/wp-content\/uploads\/2023\/06\/1-300x117.jpg 300w, https:\/\/www.ibiza-selected.com\/wp-content\/uploads\/2023\/06\/1-220x86.jpg 220w\" sizes=\"auto, (max-width: 300px) 100vw, 300px\" \/><\/a><\/p>\n<p><a href=\"https:\/\/www.ibiza-selected.com\/villa-cooper\">Villa Cooper f\u00fcr 8 Leute\u00a0 \u00a021.600 &#8211; 26.400 \u20ac pro Monat\u00a0<\/a><\/p>\n<p>&#8230;.. wir haben noch viele andere Langzeitvermietungen. Fragen sie uns an unter <a href=\"mailto:info@ibiza-selected.com\">info@ibiza-selected.com<\/a><\/p>","protected":false},"excerpt":{"rendered":"<p>Langzeitvermietung in Immobilien bezieht sich auf die Vermietung von Immobilien, die sich \u00fcber einen l\u00e4ngeren Zeitraum erstreckt. Wenn eine Immobilie &hellip;<\/p>\n","protected":false},"author":2,"featured_media":30655,"comment_status":"open","ping_status":"open","sticky":false,"template":"","format":"standard","meta":{"footnotes":""},"categories":[13],"tags":[1269,341,1280,340,1276,1283,536,339,338,1262],"class_list":["post-29230","post","type-post","status-publish","format-standard","has-post-thumbnail","hentry","category-ibiza-insider-tipps","tag-commercial-properties","tag-ferienwohnungen","tag-gewerbeimmobilien","tag-immobilien","tag-immobilienlizenz","tag-keine-dienstleistungen-erlaubt","tag-langzeitmiete","tag-langzeitvermietung-in-ibiza","tag-langzeitvermietungen","tag-lau"],"acf":[],"yoast_head":"<!-- This site is optimized with the Yoast SEO Premium plugin v27.5 (Yoast SEO v27.5) - https:\/\/yoast.com\/product\/yoast-seo-premium-wordpress\/ -->\n<title>Ibiza Selected &#8211; Luxury Villa Rentals<\/title>\n<meta name=\"description\" content=\"Erfahren Sie mehr \u00fcber Langzeitmieten in Spaniens Immobilien. Rechtliche Bestimmungen, Steuern und LAU-Einfluss auf Vermieter und Mieter Sie.\" \/>\n<meta name=\"robots\" content=\"index, follow, max-snippet:-1, max-image-preview:large, max-video-preview:-1\" \/>\n<link rel=\"canonical\" href=\"https:\/\/www.ibiza-selected.com\/de\/wp-json\/wp\/v2\/posts\/29230\" \/>\n<meta property=\"og:locale\" content=\"de_DE\" \/>\n<meta property=\"og:type\" content=\"article\" \/>\n<meta property=\"og:description\" content=\"Erfahren Sie mehr \u00fcber Langzeitmieten in Spaniens Immobilien. Rechtliche Bestimmungen, Steuern und LAU-Einfluss auf Vermieter und Mieter Sie.\" \/>\n<meta property=\"og:url\" content=\"https:\/\/www.ibiza-selected.com\/de\/wp-json\/wp\/v2\/posts\/29230\" \/>\n<meta property=\"og:site_name\" content=\"Ibiza Selected - Luxury Villa Rentals\" \/>\n<meta property=\"article:publisher\" content=\"https:\/\/www.facebook.com\/IbizaSelected\/\" \/>\n<meta property=\"article:published_time\" content=\"2023-06-27T13:44:33+00:00\" \/>\n<meta property=\"article:modified_time\" content=\"2023-10-23T10:14:02+00:00\" \/>\n<meta property=\"og:image\" content=\"https:\/\/www.ibiza-selected.com\/wp-content\/uploads\/2023\/06\/Foto-26.04-2.jpg\" \/>\n\t<meta property=\"og:image:width\" content=\"1920\" \/>\n\t<meta property=\"og:image:height\" content=\"747\" \/>\n\t<meta property=\"og:image:type\" content=\"image\/jpeg\" \/>\n<meta name=\"author\" content=\"Patrick\" \/>\n<meta name=\"twitter:card\" content=\"summary_large_image\" \/>\n<meta name=\"twitter:title\" content=\"Langzeitvermietung in Ibiza\" \/>\n<script type=\"application\/ld+json\" class=\"yoast-schema-graph\">{\"@context\":\"https:\\\/\\\/schema.org\",\"@graph\":[{\"@type\":\"Article\",\"@id\":\"https:\\\/\\\/www.ibiza-selected.com\\\/de\\\/wp-json\\\/wp\\\/v2\\\/posts\\\/29230#article\",\"isPartOf\":{\"@id\":\"https:\\\/\\\/www.ibiza-selected.com\\\/en\\\/?p=29230\"},\"author\":{\"name\":\"Patrick\",\"@id\":\"https:\\\/\\\/www.ibiza-selected.com\\\/de\\\/#\\\/schema\\\/person\\\/b9aa12cccab19fe1fdc6e740f04e5229\"},\"headline\":\"Langzeitvermietung in Ibiza\",\"datePublished\":\"2023-06-27T13:44:33+00:00\",\"dateModified\":\"2023-10-23T10:14:02+00:00\",\"mainEntityOfPage\":{\"@id\":\"https:\\\/\\\/www.ibiza-selected.com\\\/en\\\/?p=29230\"},\"wordCount\":846,\"commentCount\":0,\"publisher\":{\"@id\":\"https:\\\/\\\/www.ibiza-selected.com\\\/de\\\/#organization\"},\"image\":{\"@id\":\"https:\\\/\\\/www.ibiza-selected.com\\\/de\\\/wp-json\\\/wp\\\/v2\\\/posts\\\/29230#primaryimage\"},\"thumbnailUrl\":\"https:\\\/\\\/www.ibiza-selected.com\\\/wp-content\\\/uploads\\\/2023\\\/06\\\/Foto-26.04-2.jpg\",\"keywords\":[\"Commercial Properties\",\"Ferienwohnungen\",\"Gewerbeimmobilien\",\"Immobilien\",\"Immobilienlizenz\",\"Keine Dienstleistungen erlaubt\",\"Langzeitmiete\",\"Langzeitvermietung in Ibiza\",\"Langzeitvermietungen\",\"LAU\"],\"articleSection\":[\"Ibiza Insider Tipps\"],\"inLanguage\":\"de\",\"potentialAction\":[{\"@type\":\"CommentAction\",\"name\":\"Comment\",\"target\":[\"https:\\\/\\\/www.ibiza-selected.com\\\/de\\\/wp-json\\\/wp\\\/v2\\\/posts\\\/29230#respond\"]}]},{\"@type\":\"WebPage\",\"@id\":\"https:\\\/\\\/www.ibiza-selected.com\\\/en\\\/?p=29230\",\"url\":\"https:\\\/\\\/www.ibiza-selected.com\\\/de\\\/wp-json\\\/wp\\\/v2\\\/posts\\\/29230\",\"name\":\"\",\"isPartOf\":{\"@id\":\"https:\\\/\\\/www.ibiza-selected.com\\\/de\\\/#website\"},\"primaryImageOfPage\":{\"@id\":\"https:\\\/\\\/www.ibiza-selected.com\\\/de\\\/wp-json\\\/wp\\\/v2\\\/posts\\\/29230#primaryimage\"},\"image\":{\"@id\":\"https:\\\/\\\/www.ibiza-selected.com\\\/de\\\/wp-json\\\/wp\\\/v2\\\/posts\\\/29230#primaryimage\"},\"thumbnailUrl\":\"https:\\\/\\\/www.ibiza-selected.com\\\/wp-content\\\/uploads\\\/2023\\\/06\\\/Foto-26.04-2.jpg\",\"datePublished\":\"2023-06-27T13:44:33+00:00\",\"dateModified\":\"2023-10-23T10:14:02+00:00\",\"description\":\"Erfahren Sie mehr \u00fcber Langzeitmieten in Spaniens Immobilien. Rechtliche Bestimmungen, Steuern und LAU-Einfluss auf Vermieter und Mieter Sie.\",\"breadcrumb\":{\"@id\":\"https:\\\/\\\/www.ibiza-selected.com\\\/de\\\/wp-json\\\/wp\\\/v2\\\/posts\\\/29230#breadcrumb\"},\"inLanguage\":\"de\",\"potentialAction\":[{\"@type\":\"ReadAction\",\"target\":[\"https:\\\/\\\/www.ibiza-selected.com\\\/de\\\/wp-json\\\/wp\\\/v2\\\/posts\\\/29230\"]}]},{\"@type\":\"ImageObject\",\"inLanguage\":\"de\",\"@id\":\"https:\\\/\\\/www.ibiza-selected.com\\\/de\\\/wp-json\\\/wp\\\/v2\\\/posts\\\/29230#primaryimage\",\"url\":\"https:\\\/\\\/www.ibiza-selected.com\\\/wp-content\\\/uploads\\\/2023\\\/06\\\/Foto-26.04-2.jpg\",\"contentUrl\":\"https:\\\/\\\/www.ibiza-selected.com\\\/wp-content\\\/uploads\\\/2023\\\/06\\\/Foto-26.04-2.jpg\",\"width\":1920,\"height\":747},{\"@type\":\"BreadcrumbList\",\"@id\":\"https:\\\/\\\/www.ibiza-selected.com\\\/de\\\/wp-json\\\/wp\\\/v2\\\/posts\\\/29230#breadcrumb\",\"itemListElement\":[{\"@type\":\"ListItem\",\"position\":1,\"name\":\"Home\",\"item\":\"https:\\\/\\\/www.ibiza-selected.com\\\/en\\\/\"},{\"@type\":\"ListItem\",\"position\":2,\"name\":\"Long term rentals in Ibiza\"}]},{\"@type\":\"WebSite\",\"@id\":\"https:\\\/\\\/www.ibiza-selected.com\\\/de\\\/#website\",\"url\":\"https:\\\/\\\/www.ibiza-selected.com\\\/de\\\/\",\"name\":\"Ibiza Selected\",\"description\":\"Individuell &amp; Stilvoll relaxen - Willkommen bei Ibiza Selected\",\"publisher\":{\"@id\":\"https:\\\/\\\/www.ibiza-selected.com\\\/de\\\/#organization\"},\"potentialAction\":[{\"@type\":\"SearchAction\",\"target\":{\"@type\":\"EntryPoint\",\"urlTemplate\":\"https:\\\/\\\/www.ibiza-selected.com\\\/de\\\/?s={search_term_string}\"},\"query-input\":{\"@type\":\"PropertyValueSpecification\",\"valueRequired\":true,\"valueName\":\"search_term_string\"}}],\"inLanguage\":\"de\"},{\"@type\":\"Organization\",\"@id\":\"https:\\\/\\\/www.ibiza-selected.com\\\/de\\\/#organization\",\"name\":\"Ibiza Selected\",\"url\":\"https:\\\/\\\/www.ibiza-selected.com\\\/de\\\/\",\"logo\":{\"@type\":\"ImageObject\",\"inLanguage\":\"de\",\"@id\":\"https:\\\/\\\/www.ibiza-selected.com\\\/de\\\/#\\\/schema\\\/logo\\\/image\\\/\",\"url\":\"https:\\\/\\\/www.ibiza-selected.com\\\/wp-content\\\/uploads\\\/2017\\\/10\\\/logo-dunkel.png\",\"contentUrl\":\"https:\\\/\\\/www.ibiza-selected.com\\\/wp-content\\\/uploads\\\/2017\\\/10\\\/logo-dunkel.png\",\"width\":300,\"height\":60,\"caption\":\"Ibiza Selected\"},\"image\":{\"@id\":\"https:\\\/\\\/www.ibiza-selected.com\\\/de\\\/#\\\/schema\\\/logo\\\/image\\\/\"},\"sameAs\":[\"https:\\\/\\\/www.facebook.com\\\/IbizaSelected\\\/\",\"https:\\\/\\\/www.youtube.com\\\/playlist?list=PLrClDhGy2GfffP6ajdISQM6U-_y330OtO\",\"https:\\\/\\\/www.instagram.com\\\/ibiza_selected\\\/\"]},{\"@type\":\"Person\",\"@id\":\"https:\\\/\\\/www.ibiza-selected.com\\\/de\\\/#\\\/schema\\\/person\\\/b9aa12cccab19fe1fdc6e740f04e5229\",\"name\":\"Patrick\",\"image\":{\"@type\":\"ImageObject\",\"inLanguage\":\"de\",\"@id\":\"https:\\\/\\\/secure.gravatar.com\\\/avatar\\\/129c07bc5eeb4831fb788cb98d4209f66200ddab14a6fbf6649da16f438dccf1?s=96&d=mm&r=g\",\"url\":\"https:\\\/\\\/secure.gravatar.com\\\/avatar\\\/129c07bc5eeb4831fb788cb98d4209f66200ddab14a6fbf6649da16f438dccf1?s=96&d=mm&r=g\",\"contentUrl\":\"https:\\\/\\\/secure.gravatar.com\\\/avatar\\\/129c07bc5eeb4831fb788cb98d4209f66200ddab14a6fbf6649da16f438dccf1?s=96&d=mm&r=g\",\"caption\":\"Patrick\"}}]}<\/script>\n<!-- \/ Yoast SEO Premium plugin. -->","yoast_head_json":{"title":"Ibiza Selected &#8211; Luxury Villa Rentals","description":"Erfahren Sie mehr \u00fcber Langzeitmieten in Spaniens Immobilien. Rechtliche Bestimmungen, Steuern und LAU-Einfluss auf Vermieter und Mieter Sie.","robots":{"index":"index","follow":"follow","max-snippet":"max-snippet:-1","max-image-preview":"max-image-preview:large","max-video-preview":"max-video-preview:-1"},"canonical":"https:\/\/www.ibiza-selected.com\/de\/wp-json\/wp\/v2\/posts\/29230","og_locale":"de_DE","og_type":"article","og_description":"Erfahren Sie mehr \u00fcber Langzeitmieten in Spaniens Immobilien. Rechtliche Bestimmungen, Steuern und LAU-Einfluss auf Vermieter und Mieter Sie.","og_url":"https:\/\/www.ibiza-selected.com\/de\/wp-json\/wp\/v2\/posts\/29230","og_site_name":"Ibiza Selected - Luxury Villa Rentals","article_publisher":"https:\/\/www.facebook.com\/IbizaSelected\/","article_published_time":"2023-06-27T13:44:33+00:00","article_modified_time":"2023-10-23T10:14:02+00:00","og_image":[{"width":1920,"height":747,"url":"https:\/\/www.ibiza-selected.com\/wp-content\/uploads\/2023\/06\/Foto-26.04-2.jpg","type":"image\/jpeg"}],"author":"Patrick","twitter_card":"summary_large_image","twitter_title":"Langzeitvermietung in Ibiza","schema":{"@context":"https:\/\/schema.org","@graph":[{"@type":"Article","@id":"https:\/\/www.ibiza-selected.com\/de\/wp-json\/wp\/v2\/posts\/29230#article","isPartOf":{"@id":"https:\/\/www.ibiza-selected.com\/en\/?p=29230"},"author":{"name":"Patrick","@id":"https:\/\/www.ibiza-selected.com\/de\/#\/schema\/person\/b9aa12cccab19fe1fdc6e740f04e5229"},"headline":"Langzeitvermietung in Ibiza","datePublished":"2023-06-27T13:44:33+00:00","dateModified":"2023-10-23T10:14:02+00:00","mainEntityOfPage":{"@id":"https:\/\/www.ibiza-selected.com\/en\/?p=29230"},"wordCount":846,"commentCount":0,"publisher":{"@id":"https:\/\/www.ibiza-selected.com\/de\/#organization"},"image":{"@id":"https:\/\/www.ibiza-selected.com\/de\/wp-json\/wp\/v2\/posts\/29230#primaryimage"},"thumbnailUrl":"https:\/\/www.ibiza-selected.com\/wp-content\/uploads\/2023\/06\/Foto-26.04-2.jpg","keywords":["Commercial Properties","Ferienwohnungen","Gewerbeimmobilien","Immobilien","Immobilienlizenz","Keine Dienstleistungen erlaubt","Langzeitmiete","Langzeitvermietung in Ibiza","Langzeitvermietungen","LAU"],"articleSection":["Ibiza Insider Tipps"],"inLanguage":"de","potentialAction":[{"@type":"CommentAction","name":"Comment","target":["https:\/\/www.ibiza-selected.com\/de\/wp-json\/wp\/v2\/posts\/29230#respond"]}]},{"@type":"WebPage","@id":"https:\/\/www.ibiza-selected.com\/en\/?p=29230","url":"https:\/\/www.ibiza-selected.com\/de\/wp-json\/wp\/v2\/posts\/29230","name":"","isPartOf":{"@id":"https:\/\/www.ibiza-selected.com\/de\/#website"},"primaryImageOfPage":{"@id":"https:\/\/www.ibiza-selected.com\/de\/wp-json\/wp\/v2\/posts\/29230#primaryimage"},"image":{"@id":"https:\/\/www.ibiza-selected.com\/de\/wp-json\/wp\/v2\/posts\/29230#primaryimage"},"thumbnailUrl":"https:\/\/www.ibiza-selected.com\/wp-content\/uploads\/2023\/06\/Foto-26.04-2.jpg","datePublished":"2023-06-27T13:44:33+00:00","dateModified":"2023-10-23T10:14:02+00:00","description":"Erfahren Sie mehr \u00fcber Langzeitmieten in Spaniens Immobilien. Rechtliche Bestimmungen, Steuern und LAU-Einfluss auf Vermieter und Mieter Sie.","breadcrumb":{"@id":"https:\/\/www.ibiza-selected.com\/de\/wp-json\/wp\/v2\/posts\/29230#breadcrumb"},"inLanguage":"de","potentialAction":[{"@type":"ReadAction","target":["https:\/\/www.ibiza-selected.com\/de\/wp-json\/wp\/v2\/posts\/29230"]}]},{"@type":"ImageObject","inLanguage":"de","@id":"https:\/\/www.ibiza-selected.com\/de\/wp-json\/wp\/v2\/posts\/29230#primaryimage","url":"https:\/\/www.ibiza-selected.com\/wp-content\/uploads\/2023\/06\/Foto-26.04-2.jpg","contentUrl":"https:\/\/www.ibiza-selected.com\/wp-content\/uploads\/2023\/06\/Foto-26.04-2.jpg","width":1920,"height":747},{"@type":"BreadcrumbList","@id":"https:\/\/www.ibiza-selected.com\/de\/wp-json\/wp\/v2\/posts\/29230#breadcrumb","itemListElement":[{"@type":"ListItem","position":1,"name":"Home","item":"https:\/\/www.ibiza-selected.com\/en\/"},{"@type":"ListItem","position":2,"name":"Long term rentals in Ibiza"}]},{"@type":"WebSite","@id":"https:\/\/www.ibiza-selected.com\/de\/#website","url":"https:\/\/www.ibiza-selected.com\/de\/","name":"Ibiza Selected","description":"Individuell &amp; Stilvoll relaxen - Willkommen bei Ibiza Selected","publisher":{"@id":"https:\/\/www.ibiza-selected.com\/de\/#organization"},"potentialAction":[{"@type":"SearchAction","target":{"@type":"EntryPoint","urlTemplate":"https:\/\/www.ibiza-selected.com\/de\/?s={search_term_string}"},"query-input":{"@type":"PropertyValueSpecification","valueRequired":true,"valueName":"search_term_string"}}],"inLanguage":"de"},{"@type":"Organization","@id":"https:\/\/www.ibiza-selected.com\/de\/#organization","name":"Ibiza Selected","url":"https:\/\/www.ibiza-selected.com\/de\/","logo":{"@type":"ImageObject","inLanguage":"de","@id":"https:\/\/www.ibiza-selected.com\/de\/#\/schema\/logo\/image\/","url":"https:\/\/www.ibiza-selected.com\/wp-content\/uploads\/2017\/10\/logo-dunkel.png","contentUrl":"https:\/\/www.ibiza-selected.com\/wp-content\/uploads\/2017\/10\/logo-dunkel.png","width":300,"height":60,"caption":"Ibiza Selected"},"image":{"@id":"https:\/\/www.ibiza-selected.com\/de\/#\/schema\/logo\/image\/"},"sameAs":["https:\/\/www.facebook.com\/IbizaSelected\/","https:\/\/www.youtube.com\/playlist?list=PLrClDhGy2GfffP6ajdISQM6U-_y330OtO","https:\/\/www.instagram.com\/ibiza_selected\/"]},{"@type":"Person","@id":"https:\/\/www.ibiza-selected.com\/de\/#\/schema\/person\/b9aa12cccab19fe1fdc6e740f04e5229","name":"Patrick","image":{"@type":"ImageObject","inLanguage":"de","@id":"https:\/\/secure.gravatar.com\/avatar\/129c07bc5eeb4831fb788cb98d4209f66200ddab14a6fbf6649da16f438dccf1?s=96&d=mm&r=g","url":"https:\/\/secure.gravatar.com\/avatar\/129c07bc5eeb4831fb788cb98d4209f66200ddab14a6fbf6649da16f438dccf1?s=96&d=mm&r=g","contentUrl":"https:\/\/secure.gravatar.com\/avatar\/129c07bc5eeb4831fb788cb98d4209f66200ddab14a6fbf6649da16f438dccf1?s=96&d=mm&r=g","caption":"Patrick"}}]}},"_links":{"self":[{"href":"https:\/\/www.ibiza-selected.com\/de\/wp-json\/wp\/v2\/posts\/29230","targetHints":{"allow":["GET"]}}],"collection":[{"href":"https:\/\/www.ibiza-selected.com\/de\/wp-json\/wp\/v2\/posts"}],"about":[{"href":"https:\/\/www.ibiza-selected.com\/de\/wp-json\/wp\/v2\/types\/post"}],"author":[{"embeddable":true,"href":"https:\/\/www.ibiza-selected.com\/de\/wp-json\/wp\/v2\/users\/2"}],"replies":[{"embeddable":true,"href":"https:\/\/www.ibiza-selected.com\/de\/wp-json\/wp\/v2\/comments?post=29230"}],"version-history":[{"count":14,"href":"https:\/\/www.ibiza-selected.com\/de\/wp-json\/wp\/v2\/posts\/29230\/revisions"}],"predecessor-version":[{"id":30669,"href":"https:\/\/www.ibiza-selected.com\/de\/wp-json\/wp\/v2\/posts\/29230\/revisions\/30669"}],"wp:featuredmedia":[{"embeddable":true,"href":"https:\/\/www.ibiza-selected.com\/de\/wp-json\/wp\/v2\/media\/30655"}],"wp:attachment":[{"href":"https:\/\/www.ibiza-selected.com\/de\/wp-json\/wp\/v2\/media?parent=29230"}],"wp:term":[{"taxonomy":"category","embeddable":true,"href":"https:\/\/www.ibiza-selected.com\/de\/wp-json\/wp\/v2\/categories?post=29230"},{"taxonomy":"post_tag","embeddable":true,"href":"https:\/\/www.ibiza-selected.com\/de\/wp-json\/wp\/v2\/tags?post=29230"}],"curies":[{"name":"wp","href":"https:\/\/api.w.org\/{rel}","templated":true}]}}